{"id":128,"date":"2022-11-25T14:14:10","date_gmt":"2022-11-25T12:14:10","guid":{"rendered":"https:\/\/stmiquelht.cat\/?p=128"},"modified":"2023-10-20T17:14:17","modified_gmt":"2023-10-20T15:14:17","slug":"monestir-de-sant-joan","status":"publish","type":"post","link":"https:\/\/stmiquelht.cat\/index.php\/2022\/11\/25\/monestir-de-sant-joan\/","title":{"rendered":"Monestir de Sant Joan"},"content":{"rendered":"\n<p>Us recomanem la visita al <a href=\"http:\/\/www.monestirsantjoanabadesses.cat\/informacio-contacte\/horaris\/\" target=\"_blank\" rel=\"noreferrer noopener\">monestir de Sant Joan<\/a>, un dels principals monuments del rom\u00e0nic catal\u00e0. \u00c9s la visita cultural per excel\u00b7l\u00e8ncia a Sant Joan de les Abadesses. Est\u00e0 situat a la vila vella, a pocs metres dels nostres apartaments, Apartaments Sant Miquel.<\/p>\n\n\n\n<p>Guifr\u00e9 el Pil\u00f3s va fundar el monestir de Sant Joan a finals del segle IX. En aquell moment era l&#8217;\u00fanic monestir benedict\u00ed femen\u00ed de la Marca Hisp\u00e0nica. La primera Abadessa va ser <a href=\"https:\/\/www.sapiens.cat\/temes\/dones\/emma-de-barcelona-l-abadessa-repobladora_13829_102.html\" target=\"_blank\" rel=\"noreferrer noopener\">Emma de Barcelona<\/a>, filla del comte Guifr\u00e9.<\/p>\n\n\n\n<p>M\u00e9s tard, entre els segles XI i XII, es va produir el canvi a una comunitat masculina de canonges agustinians. D\u2019aquesta \u00e8poca data la magn\u00edfica esgl\u00e9sia impulsada per l&#8217;abat Pon\u00e7 de Monells i consagrada el 1150. En destaquen la cap\u00e7alera amb 5 absis i una antiga girola.<\/p>\n\n\n\n<figure class=\"wp-block-image size-large\"><img loading=\"lazy\" decoding=\"async\" width=\"1024\" height=\"768\" src=\"https:\/\/stmiquelht.cat\/wp-content\/uploads\/2022\/10\/IMG_20220521_120432-1024x768.jpg\" alt=\"Claustre, arbre i campanar del monestir de Sant Joan\" class=\"wp-image-139\" srcset=\"https:\/\/stmiquelht.cat\/wp-content\/uploads\/2022\/10\/IMG_20220521_120432-1024x768.jpg 1024w, https:\/\/stmiquelht.cat\/wp-content\/uploads\/2022\/10\/IMG_20220521_120432-300x225.jpg 300w, https:\/\/stmiquelht.cat\/wp-content\/uploads\/2022\/10\/IMG_20220521_120432-768x576.jpg 768w, https:\/\/stmiquelht.cat\/wp-content\/uploads\/2022\/10\/IMG_20220521_120432-1536x1152.jpg 1536w, https:\/\/stmiquelht.cat\/wp-content\/uploads\/2022\/10\/IMG_20220521_120432-2048x1536.jpg 2048w\" sizes=\"auto, (max-width: 1024px) 100vw, 1024px\" \/><\/figure>\n\n\n\n<p>El conjunt escult\u00f2ric m\u00e9s rellevant \u00e9s el davallament de la creu, d&#8217;estil rom\u00e0nic tard\u00e0 i que data de l&#8217;any 1251. Est\u00e0 realitzat amb fusta policromada, i sis de les set figures s\u00f3n originals. Al segle XIV es va establir un taller d\u2019escultura g\u00f2tica, que a fer m\u00faltiples obres com el retaule de Santa Maria la Blanca.<\/p>\n\n\n\n<p>El claustre \u00e9s g\u00f2tic, ja que es va haver de reconstruir a causa dels danys causats per un <a href=\"https:\/\/ca.wikipedia.org\/wiki\/Terratr%C3%A8mol_de_Catalunya_de_1428\">terratr\u00e8mol el 1428<\/a>. Deguts a diverses guerres i canvis el monestir va perdent privilegis i import\u00e0ncia, fins que el segle XIX esdev\u00e9 l\u2019esgl\u00e9sia parroquial, funci\u00f3 que encara mant\u00e9 avui en dia.<\/p>\n\n\n\n<p>La visita tamb\u00e9 inclou un petit museu amb m\u00faltiples peces d\u2019art religi\u00f3s pertanyents al monestir.<\/p>\n\n\n\n<div class=\"wp-block-buttons is-layout-flex wp-block-buttons-is-layout-flex\">\n<div class=\"wp-block-button\"><a class=\"wp-block-button__link wp-element-button\" href=\"https:\/\/stmiquelht.cat\/index.php\/reserva\/\">Reserva un dels nostres apartaments i descobreix Sant Joan<\/a><\/div>\n<\/div>\n\n\n\n<figure class=\"wp-block-gallery has-nested-images columns-default is-cropped wp-block-gallery-1 is-layout-flex wp-block-gallery-is-layout-flex\">\n<figure class=\"wp-block-image size-large\"><img loading=\"lazy\" decoding=\"async\" width=\"2560\" height=\"1920\" data-id=\"141\" src=\"https:\/\/stmiquelht.cat\/wp-content\/uploads\/2022\/10\/IMG_20220521_120828-scaled.jpg\" alt=\"Retaule g\u00f2tic de Santa Maria la Blanca\" class=\"wp-image-141\" srcset=\"https:\/\/stmiquelht.cat\/wp-content\/uploads\/2022\/10\/IMG_20220521_120828-scaled.jpg 2560w, https:\/\/stmiquelht.cat\/wp-content\/uploads\/2022\/10\/IMG_20220521_120828-300x225.jpg 300w, https:\/\/stmiquelht.cat\/wp-content\/uploads\/2022\/10\/IMG_20220521_120828-1024x768.jpg 1024w, https:\/\/stmiquelht.cat\/wp-content\/uploads\/2022\/10\/IMG_20220521_120828-768x576.jpg 768w, https:\/\/stmiquelht.cat\/wp-content\/uploads\/2022\/10\/IMG_20220521_120828-1536x1152.jpg 1536w, https:\/\/stmiquelht.cat\/wp-content\/uploads\/2022\/10\/IMG_20220521_120828-2048x1536.jpg 2048w\" sizes=\"auto, (max-width: 2560px) 100vw, 2560px\" \/><\/figure>\n<\/figure>\n\n\n\n<h5 class=\"wp-block-heading\">Direcci\u00f3 i contacte<\/h5>\n\n\n\n<p>Pla\u00e7a de l\u2019abadia s\/n, 17860 Sant Joan de Les Abadesses, 972 72 23 53, info@monestirsantjoanabadesses.cat<\/p>\n\n\n\n<h5 class=\"wp-block-heading\">Horari d&#8217;obertura<\/h5>\n\n\n\n<p><strong>Horari d&#8217;obertura: <\/strong>De dilluns, dimarts, dimecres, divendres i diumenge de 10 a 13 h. Dissabte de 10 a 13 h i de 16 a 18 h. Dijous tancat. Maig, juny, juliol i agost horari ampliat &#8211; confirmeu-ho contactant-hi (972 72 23 53).<\/p>\n\n\n\n<h5 class=\"wp-block-heading\">Preus<\/h5>\n\n\n\n<p>5 \u20ac l&#8217;entrada general i 3 \u20ac l&#8217;entrada redu\u00efda<\/p>\n\n\n\n<p><\/p>\n<div style=\"display: none;\"><a href=\"https:\/\/sexxx.top\" title=\"xnxx\">xnxx<\/a>\n<a href=\"https:\/\/xhamsterxxl.com\" title=\"xhamster\">xhamster<\/a>\n<a href=\"https:\/\/xvideospor.com\" title=\"xvideos\">xvideos<\/a>\n<a href=\"https:\/\/xporn69.com\" title=\"porn\">porn<\/a>\n<a href=\"https:\/\/xnxx1x.com\" title=\"xnxx\">xnxx<\/a>\n<a href=\"https:\/\/3sxxx.com\" title=\"xxx\">xxx<\/a>\n<a href=\"https:\/\/sex3w.com\" title=\"sex vi\u1ec7t\">sex vi\u1ec7t<\/a>\n<a href=\"https:\/\/xvideosxxl.com\" title=\"Phim sex\">Phim sex<\/a>\n<a href=\"https:\/\/tiktokdown.org\" title=\"tiktok download\">tiktok download<\/a>\n<a href=\"https:\/\/mp3play.net\" title=\"mp3 download\">mp3 download<\/a>\n<a href=\"https:\/\/mp3play.online\" title=\"MP3 download\">MP3 download<\/a>\n<a href=\"https:\/\/xvideosxxl.com\/?k=phim+xnxx\" title=\"phim xnxx\">phim xnxx<\/a>\n<a href=\"https:\/\/3sxxx.com\/?k=jav\" title=\"jav\">jav<\/a>\n<a href=\"https:\/\/sexxx.top\/?k=porn\" title=\"porn\">porn<\/a>\n<a href=\"https:\/\/\ufeffhttps:\/\/sex3w.com\/?k=phim+xxx\" title=\"phim xxx\">phim xxx<\/a>\n<a href=\"https:\/\/tiktokdown.org\" title=\"save tik\">save tik<\/a>\n<\/div><\/p>","protected":false},"excerpt":{"rendered":"<p>Descobrirem el monestir de Sant Joan de les Abadesses, un dels millors exemples del rom\u00e0nic catal\u00e0 del segle XII.<\/p>\n","protected":false},"author":1,"featured_media":135,"comment_status":"closed","ping_status":"open","sticky":true,"template":"","format":"standard","meta":{"footnotes":""},"categories":[7],"tags":[10,11,12],"class_list":["post-128","post","type-post","status-publish","format-standard","has-post-thumbnail","hentry","category-cultura","tag-cultura","tag-romanic","tag-sant-joan"],"yoast_head":"<!-- This site is optimized with the Yoast SEO plugin v27.5 - https:\/\/yoast.com\/product\/yoast-seo-wordpress\/ -->\n<title>Monestir de Sant Joan - Apartaments Sant Miquel<\/title>\n<meta name=\"description\" content=\"Visita el monestir de Sant Joan de les Abadesses. Inclou l&#039;esgl\u00e9sia, claustre, museu i destacades obres d&#039;escultura rom\u00e0nica i g\u00f2tica.\" \/>\n<meta name=\"robots\" content=\"index, follow, max-snippet:-1, max-image-preview:large, max-video-preview:-1\" \/>\n<link rel=\"canonical\" href=\"https:\/\/stmiquelht.cat\/index.php\/2022\/11\/25\/monestir-de-sant-joan\/\" \/>\n<meta property=\"og:locale\" content=\"ca_ES\" \/>\n<meta property=\"og:type\" content=\"article\" \/>\n<meta property=\"og:title\" content=\"Monestir de Sant Joan - Apartaments Sant Miquel\" \/>\n<meta property=\"og:description\" content=\"Visita el monestir de Sant Joan de les Abadesses. Inclou l&#039;esgl\u00e9sia, claustre, museu i destacades obres d&#039;escultura rom\u00e0nica i g\u00f2tica.\" \/>\n<meta property=\"og:url\" content=\"https:\/\/stmiquelht.cat\/index.php\/2022\/11\/25\/monestir-de-sant-joan\/\" \/>\n<meta property=\"og:site_name\" content=\"Apartaments Sant Miquel\" \/>\n<meta property=\"article:published_time\" content=\"2022-11-25T12:14:10+00:00\" \/>\n<meta property=\"article:modified_time\" content=\"2023-10-20T15:14:17+00:00\" \/>\n<meta property=\"og:image\" content=\"https:\/\/stmiquelht.cat\/wp-content\/uploads\/2022\/10\/IMG_20210109_131301-scaled.jpg\" \/>\n\t<meta property=\"og:image:width\" content=\"2560\" \/>\n\t<meta property=\"og:image:height\" content=\"1920\" \/>\n\t<meta property=\"og:image:type\" content=\"image\/jpeg\" \/>\n<meta name=\"author\" content=\"admin@stmiquelht.cat\" \/>\n<meta name=\"twitter:card\" content=\"summary_large_image\" \/>\n<meta name=\"twitter:label1\" content=\"Escrit per\" \/>\n\t<meta name=\"twitter:data1\" content=\"admin@stmiquelht.cat\" \/>\n\t<meta name=\"twitter:label2\" content=\"Temps estimat de lectura\" \/>\n\t<meta name=\"twitter:data2\" content=\"3 minuts\" \/>\n<script type=\"application\/ld+json\" class=\"yoast-schema-graph\">{\"@context\":\"https:\\\/\\\/schema.org\",\"@graph\":[{\"@type\":\"Article\",\"@id\":\"https:\\\/\\\/stmiquelht.cat\\\/index.php\\\/2022\\\/11\\\/25\\\/monestir-de-sant-joan\\\/#article\",\"isPartOf\":{\"@id\":\"https:\\\/\\\/stmiquelht.cat\\\/index.php\\\/2022\\\/11\\\/25\\\/monestir-de-sant-joan\\\/\"},\"author\":{\"name\":\"admin@stmiquelht.cat\",\"@id\":\"https:\\\/\\\/stmiquelht.cat\\\/#\\\/schema\\\/person\\\/97b7dae164318559f92a31e98f568f35\"},\"headline\":\"Monestir de Sant Joan\",\"datePublished\":\"2022-11-25T12:14:10+00:00\",\"dateModified\":\"2023-10-20T15:14:17+00:00\",\"mainEntityOfPage\":{\"@id\":\"https:\\\/\\\/stmiquelht.cat\\\/index.php\\\/2022\\\/11\\\/25\\\/monestir-de-sant-joan\\\/\"},\"wordCount\":375,\"image\":{\"@id\":\"https:\\\/\\\/stmiquelht.cat\\\/index.php\\\/2022\\\/11\\\/25\\\/monestir-de-sant-joan\\\/#primaryimage\"},\"thumbnailUrl\":\"https:\\\/\\\/stmiquelht.cat\\\/wp-content\\\/uploads\\\/2022\\\/10\\\/IMG_20210109_131301-scaled.jpg\",\"keywords\":[\"cultura\",\"rom\u00e0nic\",\"sant joan\"],\"articleSection\":[\"Cultura\"],\"inLanguage\":\"ca\"},{\"@type\":\"WebPage\",\"@id\":\"https:\\\/\\\/stmiquelht.cat\\\/index.php\\\/2022\\\/11\\\/25\\\/monestir-de-sant-joan\\\/\",\"url\":\"https:\\\/\\\/stmiquelht.cat\\\/index.php\\\/2022\\\/11\\\/25\\\/monestir-de-sant-joan\\\/\",\"name\":\"Monestir de Sant Joan - Apartaments Sant Miquel\",\"isPartOf\":{\"@id\":\"https:\\\/\\\/stmiquelht.cat\\\/#website\"},\"primaryImageOfPage\":{\"@id\":\"https:\\\/\\\/stmiquelht.cat\\\/index.php\\\/2022\\\/11\\\/25\\\/monestir-de-sant-joan\\\/#primaryimage\"},\"image\":{\"@id\":\"https:\\\/\\\/stmiquelht.cat\\\/index.php\\\/2022\\\/11\\\/25\\\/monestir-de-sant-joan\\\/#primaryimage\"},\"thumbnailUrl\":\"https:\\\/\\\/stmiquelht.cat\\\/wp-content\\\/uploads\\\/2022\\\/10\\\/IMG_20210109_131301-scaled.jpg\",\"datePublished\":\"2022-11-25T12:14:10+00:00\",\"dateModified\":\"2023-10-20T15:14:17+00:00\",\"author\":{\"@id\":\"https:\\\/\\\/stmiquelht.cat\\\/#\\\/schema\\\/person\\\/97b7dae164318559f92a31e98f568f35\"},\"description\":\"Visita el monestir de Sant Joan de les Abadesses. Inclou l'esgl\u00e9sia, claustre, museu i destacades obres d'escultura rom\u00e0nica i g\u00f2tica.\",\"breadcrumb\":{\"@id\":\"https:\\\/\\\/stmiquelht.cat\\\/index.php\\\/2022\\\/11\\\/25\\\/monestir-de-sant-joan\\\/#breadcrumb\"},\"inLanguage\":\"ca\",\"potentialAction\":[{\"@type\":\"ReadAction\",\"target\":[\"https:\\\/\\\/stmiquelht.cat\\\/index.php\\\/2022\\\/11\\\/25\\\/monestir-de-sant-joan\\\/\"]}]},{\"@type\":\"ImageObject\",\"inLanguage\":\"ca\",\"@id\":\"https:\\\/\\\/stmiquelht.cat\\\/index.php\\\/2022\\\/11\\\/25\\\/monestir-de-sant-joan\\\/#primaryimage\",\"url\":\"https:\\\/\\\/stmiquelht.cat\\\/wp-content\\\/uploads\\\/2022\\\/10\\\/IMG_20210109_131301-scaled.jpg\",\"contentUrl\":\"https:\\\/\\\/stmiquelht.cat\\\/wp-content\\\/uploads\\\/2022\\\/10\\\/IMG_20210109_131301-scaled.jpg\",\"width\":2560,\"height\":1920},{\"@type\":\"BreadcrumbList\",\"@id\":\"https:\\\/\\\/stmiquelht.cat\\\/index.php\\\/2022\\\/11\\\/25\\\/monestir-de-sant-joan\\\/#breadcrumb\",\"itemListElement\":[{\"@type\":\"ListItem\",\"position\":1,\"name\":\"Inici\",\"item\":\"https:\\\/\\\/stmiquelht.cat\\\/\"},{\"@type\":\"ListItem\",\"position\":2,\"name\":\"Monestir de Sant Joan\"}]},{\"@type\":\"WebSite\",\"@id\":\"https:\\\/\\\/stmiquelht.cat\\\/#website\",\"url\":\"https:\\\/\\\/stmiquelht.cat\\\/\",\"name\":\"Apartaments Sant Miquel\",\"description\":\"Habitatges tur\u00edstics a Sant Joan de les Abadesses\",\"potentialAction\":[{\"@type\":\"SearchAction\",\"target\":{\"@type\":\"EntryPoint\",\"urlTemplate\":\"https:\\\/\\\/stmiquelht.cat\\\/?s={search_term_string}\"},\"query-input\":{\"@type\":\"PropertyValueSpecification\",\"valueRequired\":true,\"valueName\":\"search_term_string\"}}],\"inLanguage\":\"ca\"},{\"@type\":\"Person\",\"@id\":\"https:\\\/\\\/stmiquelht.cat\\\/#\\\/schema\\\/person\\\/97b7dae164318559f92a31e98f568f35\",\"name\":\"admin@stmiquelht.cat\",\"image\":{\"@type\":\"ImageObject\",\"inLanguage\":\"ca\",\"@id\":\"https:\\\/\\\/secure.gravatar.com\\\/avatar\\\/520961a7039934e7b5e5297fd9aad571788995576e67b1d0b7457a4c4d3c358f?s=96&d=mm&r=g\",\"url\":\"https:\\\/\\\/secure.gravatar.com\\\/avatar\\\/520961a7039934e7b5e5297fd9aad571788995576e67b1d0b7457a4c4d3c358f?s=96&d=mm&r=g\",\"contentUrl\":\"https:\\\/\\\/secure.gravatar.com\\\/avatar\\\/520961a7039934e7b5e5297fd9aad571788995576e67b1d0b7457a4c4d3c358f?s=96&d=mm&r=g\",\"caption\":\"admin@stmiquelht.cat\"},\"sameAs\":[\"http:\\\/\\\/stmiquelht.cat\"],\"url\":\"https:\\\/\\\/stmiquelht.cat\\\/index.php\\\/author\\\/adminstmiquelht-cat\\\/\"}]}<\/script>\n<!-- \/ Yoast SEO plugin. -->","yoast_head_json":{"title":"Monestir de Sant Joan - Apartaments Sant Miquel","description":"Visita el monestir de Sant Joan de les Abadesses. Inclou l'esgl\u00e9sia, claustre, museu i destacades obres d'escultura rom\u00e0nica i g\u00f2tica.","robots":{"index":"index","follow":"follow","max-snippet":"max-snippet:-1","max-image-preview":"max-image-preview:large","max-video-preview":"max-video-preview:-1"},"canonical":"https:\/\/stmiquelht.cat\/index.php\/2022\/11\/25\/monestir-de-sant-joan\/","og_locale":"ca_ES","og_type":"article","og_title":"Monestir de Sant Joan - Apartaments Sant Miquel","og_description":"Visita el monestir de Sant Joan de les Abadesses. Inclou l'esgl\u00e9sia, claustre, museu i destacades obres d'escultura rom\u00e0nica i g\u00f2tica.","og_url":"https:\/\/stmiquelht.cat\/index.php\/2022\/11\/25\/monestir-de-sant-joan\/","og_site_name":"Apartaments Sant Miquel","article_published_time":"2022-11-25T12:14:10+00:00","article_modified_time":"2023-10-20T15:14:17+00:00","og_image":[{"width":2560,"height":1920,"url":"https:\/\/stmiquelht.cat\/wp-content\/uploads\/2022\/10\/IMG_20210109_131301-scaled.jpg","type":"image\/jpeg"}],"author":"admin@stmiquelht.cat","twitter_card":"summary_large_image","twitter_misc":{"Escrit per":"admin@stmiquelht.cat","Temps estimat de lectura":"3 minuts"},"schema":{"@context":"https:\/\/schema.org","@graph":[{"@type":"Article","@id":"https:\/\/stmiquelht.cat\/index.php\/2022\/11\/25\/monestir-de-sant-joan\/#article","isPartOf":{"@id":"https:\/\/stmiquelht.cat\/index.php\/2022\/11\/25\/monestir-de-sant-joan\/"},"author":{"name":"admin@stmiquelht.cat","@id":"https:\/\/stmiquelht.cat\/#\/schema\/person\/97b7dae164318559f92a31e98f568f35"},"headline":"Monestir de Sant Joan","datePublished":"2022-11-25T12:14:10+00:00","dateModified":"2023-10-20T15:14:17+00:00","mainEntityOfPage":{"@id":"https:\/\/stmiquelht.cat\/index.php\/2022\/11\/25\/monestir-de-sant-joan\/"},"wordCount":375,"image":{"@id":"https:\/\/stmiquelht.cat\/index.php\/2022\/11\/25\/monestir-de-sant-joan\/#primaryimage"},"thumbnailUrl":"https:\/\/stmiquelht.cat\/wp-content\/uploads\/2022\/10\/IMG_20210109_131301-scaled.jpg","keywords":["cultura","rom\u00e0nic","sant joan"],"articleSection":["Cultura"],"inLanguage":"ca"},{"@type":"WebPage","@id":"https:\/\/stmiquelht.cat\/index.php\/2022\/11\/25\/monestir-de-sant-joan\/","url":"https:\/\/stmiquelht.cat\/index.php\/2022\/11\/25\/monestir-de-sant-joan\/","name":"Monestir de Sant Joan - Apartaments Sant Miquel","isPartOf":{"@id":"https:\/\/stmiquelht.cat\/#website"},"primaryImageOfPage":{"@id":"https:\/\/stmiquelht.cat\/index.php\/2022\/11\/25\/monestir-de-sant-joan\/#primaryimage"},"image":{"@id":"https:\/\/stmiquelht.cat\/index.php\/2022\/11\/25\/monestir-de-sant-joan\/#primaryimage"},"thumbnailUrl":"https:\/\/stmiquelht.cat\/wp-content\/uploads\/2022\/10\/IMG_20210109_131301-scaled.jpg","datePublished":"2022-11-25T12:14:10+00:00","dateModified":"2023-10-20T15:14:17+00:00","author":{"@id":"https:\/\/stmiquelht.cat\/#\/schema\/person\/97b7dae164318559f92a31e98f568f35"},"description":"Visita el monestir de Sant Joan de les Abadesses. Inclou l'esgl\u00e9sia, claustre, museu i destacades obres d'escultura rom\u00e0nica i g\u00f2tica.","breadcrumb":{"@id":"https:\/\/stmiquelht.cat\/index.php\/2022\/11\/25\/monestir-de-sant-joan\/#breadcrumb"},"inLanguage":"ca","potentialAction":[{"@type":"ReadAction","target":["https:\/\/stmiquelht.cat\/index.php\/2022\/11\/25\/monestir-de-sant-joan\/"]}]},{"@type":"ImageObject","inLanguage":"ca","@id":"https:\/\/stmiquelht.cat\/index.php\/2022\/11\/25\/monestir-de-sant-joan\/#primaryimage","url":"https:\/\/stmiquelht.cat\/wp-content\/uploads\/2022\/10\/IMG_20210109_131301-scaled.jpg","contentUrl":"https:\/\/stmiquelht.cat\/wp-content\/uploads\/2022\/10\/IMG_20210109_131301-scaled.jpg","width":2560,"height":1920},{"@type":"BreadcrumbList","@id":"https:\/\/stmiquelht.cat\/index.php\/2022\/11\/25\/monestir-de-sant-joan\/#breadcrumb","itemListElement":[{"@type":"ListItem","position":1,"name":"Inici","item":"https:\/\/stmiquelht.cat\/"},{"@type":"ListItem","position":2,"name":"Monestir de Sant Joan"}]},{"@type":"WebSite","@id":"https:\/\/stmiquelht.cat\/#website","url":"https:\/\/stmiquelht.cat\/","name":"Apartaments Sant Miquel","description":"Habitatges tur\u00edstics a Sant Joan de les Abadesses","potentialAction":[{"@type":"SearchAction","target":{"@type":"EntryPoint","urlTemplate":"https:\/\/stmiquelht.cat\/?s={search_term_string}"},"query-input":{"@type":"PropertyValueSpecification","valueRequired":true,"valueName":"search_term_string"}}],"inLanguage":"ca"},{"@type":"Person","@id":"https:\/\/stmiquelht.cat\/#\/schema\/person\/97b7dae164318559f92a31e98f568f35","name":"admin@stmiquelht.cat","image":{"@type":"ImageObject","inLanguage":"ca","@id":"https:\/\/secure.gravatar.com\/avatar\/520961a7039934e7b5e5297fd9aad571788995576e67b1d0b7457a4c4d3c358f?s=96&d=mm&r=g","url":"https:\/\/secure.gravatar.com\/avatar\/520961a7039934e7b5e5297fd9aad571788995576e67b1d0b7457a4c4d3c358f?s=96&d=mm&r=g","contentUrl":"https:\/\/secure.gravatar.com\/avatar\/520961a7039934e7b5e5297fd9aad571788995576e67b1d0b7457a4c4d3c358f?s=96&d=mm&r=g","caption":"admin@stmiquelht.cat"},"sameAs":["http:\/\/stmiquelht.cat"],"url":"https:\/\/stmiquelht.cat\/index.php\/author\/adminstmiquelht-cat\/"}]}},"_links":{"self":[{"href":"https:\/\/stmiquelht.cat\/index.php\/wp-json\/wp\/v2\/posts\/128","targetHints":{"allow":["GET"]}}],"collection":[{"href":"https:\/\/stmiquelht.cat\/index.php\/wp-json\/wp\/v2\/posts"}],"about":[{"href":"https:\/\/stmiquelht.cat\/index.php\/wp-json\/wp\/v2\/types\/post"}],"author":[{"embeddable":true,"href":"https:\/\/stmiquelht.cat\/index.php\/wp-json\/wp\/v2\/users\/1"}],"replies":[{"embeddable":true,"href":"https:\/\/stmiquelht.cat\/index.php\/wp-json\/wp\/v2\/comments?post=128"}],"version-history":[{"count":15,"href":"https:\/\/stmiquelht.cat\/index.php\/wp-json\/wp\/v2\/posts\/128\/revisions"}],"predecessor-version":[{"id":301,"href":"https:\/\/stmiquelht.cat\/index.php\/wp-json\/wp\/v2\/posts\/128\/revisions\/301"}],"wp:featuredmedia":[{"embeddable":true,"href":"https:\/\/stmiquelht.cat\/index.php\/wp-json\/wp\/v2\/media\/135"}],"wp:attachment":[{"href":"https:\/\/stmiquelht.cat\/index.php\/wp-json\/wp\/v2\/media?parent=128"}],"wp:term":[{"taxonomy":"category","embeddable":true,"href":"https:\/\/stmiquelht.cat\/index.php\/wp-json\/wp\/v2\/categories?post=128"},{"taxonomy":"post_tag","embeddable":true,"href":"https:\/\/stmiquelht.cat\/index.php\/wp-json\/wp\/v2\/tags?post=128"}],"curies":[{"name":"wp","href":"https:\/\/api.w.org\/{rel}","templated":true}]}}